{"id":1238,"date":"2023-08-31T09:18:00","date_gmt":"2023-08-31T09:18:00","guid":{"rendered":"https:\/\/alphasprachwelt.ch\/des-mineurs-auraient-mis-le-feu-a-une-ecole-primaire-a-geneve\/"},"modified":"2025-08-20T08:32:38","modified_gmt":"2025-08-20T08:32:38","slug":"des-mineurs-auraient-mis-le-feu-a-une-ecole-primaire-a-geneve","status":"publish","type":"post","link":"https:\/\/alphasprachwelt.ch\/fr\/des-mineurs-auraient-mis-le-feu-a-une-ecole-primaire-a-geneve\/","title":{"rendered":"Des mineurs auraient mis le feu \u00e0 une \u00e9cole primaire \u00e0 Gen\u00e8ve"},"content":{"rendered":"\n<p><em>Dans la nuit de mardi \u00e0 mercredi, un incendie a d\u00e9truit la fa\u00e7ade d&rsquo;une \u00e9cole primaire \u00e0 Vernier GE. L&rsquo;\u00e9cole accueille 19 classes. Des solutions doivent \u00eatre trouv\u00e9es pour les \u00e9l\u00e8ves concern\u00e9s avant le d\u00e9but de la nouvelle ann\u00e9e scolaire.<\/em><\/p>\n\n<p>La police genevoise a arr\u00eat\u00e9 mardi trois mineurs soup\u00e7onn\u00e9s d&rsquo;\u00eatre impliqu\u00e9s dans l&rsquo;incendie de l&rsquo;\u00e9cole de Vernier GE d\u00e9but juillet. Le tribunal des mineurs est comp\u00e9tent pour la proc\u00e9dure.<\/p>\n\n<p>La police cantonale de Gen\u00e8ve a annonc\u00e9 jeudi que la pr\u00e9somption d&rsquo;innocence s&rsquo;applique aux accus\u00e9s. En raison de la proc\u00e9dure en cours, aucune autre information n&rsquo;a \u00e9t\u00e9 divulgu\u00e9e par la police.<\/p>\n\n<p>L&rsquo;incendie a d\u00e9truit la fa\u00e7ade de l&rsquo;\u00e9cole primaire. L&rsquo;incendie a endommag\u00e9 l&rsquo;enveloppe ext\u00e9rieure du b\u00e2timent et a fait \u00e9clater plusieurs vitres des salles de classe. Une dizaine de salles sur les 19 classes au total sont devenues inutilisables. Les \u00e9l\u00e8ves sont temporairement scolaris\u00e9s dans des locaux improvis\u00e9s dans la cour de l&rsquo;\u00e9cole et dans les \u00e9coles voisines. <\/p>\n","protected":false},"excerpt":{"rendered":"<p>Dans la nuit de mardi \u00e0 mercredi, un incendie a d\u00e9truit la fa\u00e7ade d&rsquo;une \u00e9cole primaire \u00e0 Vernier GE. L&rsquo;\u00e9cole accueille 19 classes. Des solutions doivent \u00eatre trouv\u00e9es pour les \u00e9l\u00e8ves concern\u00e9s avant le d\u00e9but de la nouvelle ann\u00e9e scolaire. La police genevoise a arr\u00eat\u00e9 mardi trois mineurs soup\u00e7onn\u00e9s d&rsquo;\u00eatre impliqu\u00e9s dans l&rsquo;incendie de l&rsquo;\u00e9cole &#8230; <a title=\"Des mineurs auraient mis le feu \u00e0 une \u00e9cole primaire \u00e0 Gen\u00e8ve\" class=\"read-more\" href=\"https:\/\/alphasprachwelt.ch\/fr\/des-mineurs-auraient-mis-le-feu-a-une-ecole-primaire-a-geneve\/\" aria-label=\"En savoir plus sur Des mineurs auraient mis le feu \u00e0 une \u00e9cole primaire \u00e0 Gen\u00e8ve\">Lire la suite<\/a><\/p>\n","protected":false},"author":3,"featured_media":1225,"comment_status":"closed","ping_status":"closed","sticky":false,"template":"","format":"standard","meta":{"footnotes":""},"categories":[51],"tags":[],"class_list":["post-1238","post","type-post","status-publish","format-standard","has-post-thumbnail","hentry","category-suisse"],"yoast_head":"<!-- This site is optimized with the Yoast SEO plugin v21.2 - https:\/\/yoast.com\/wordpress\/plugins\/seo\/ -->\n<title>Des mineurs auraient mis le feu \u00e0 une \u00e9cole primaire \u00e0 Gen\u00e8ve - Alpha Sprachwelt<\/title>\n<meta name=\"robots\" content=\"index, follow, max-snippet:-1, max-image-preview:large, max-video-preview:-1\" \/>\n<link rel=\"canonical\" href=\"https:\/\/alphasprachwelt.ch\/fr\/des-mineurs-auraient-mis-le-feu-a-une-ecole-primaire-a-geneve\/\" \/>\n<meta property=\"og:locale\" content=\"fr_FR\" \/>\n<meta property=\"og:type\" content=\"article\" \/>\n<meta property=\"og:title\" content=\"Des mineurs auraient mis le feu \u00e0 une \u00e9cole primaire \u00e0 Gen\u00e8ve - Alpha Sprachwelt\" \/>\n<meta property=\"og:description\" content=\"Dans la nuit de mardi \u00e0 mercredi, un incendie a d\u00e9truit la fa\u00e7ade d&rsquo;une \u00e9cole primaire \u00e0 Vernier GE. L&rsquo;\u00e9cole accueille 19 classes. Des solutions doivent \u00eatre trouv\u00e9es pour les \u00e9l\u00e8ves concern\u00e9s avant le d\u00e9but de la nouvelle ann\u00e9e scolaire. La police genevoise a arr\u00eat\u00e9 mardi trois mineurs soup\u00e7onn\u00e9s d&rsquo;\u00eatre impliqu\u00e9s dans l&rsquo;incendie de l&rsquo;\u00e9cole ... Lire la suite\" \/>\n<meta property=\"og:url\" content=\"https:\/\/alphasprachwelt.ch\/fr\/des-mineurs-auraient-mis-le-feu-a-une-ecole-primaire-a-geneve\/\" \/>\n<meta property=\"og:site_name\" content=\"Alpha Sprachwelt\" \/>\n<meta property=\"article:published_time\" content=\"2023-08-31T09:18:00+00:00\" \/>\n<meta property=\"article:modified_time\" content=\"2025-08-20T08:32:38+00:00\" \/>\n<meta property=\"og:image\" content=\"https:\/\/alphasprachwelt.ch\/wp-content\/uploads\/2023\/09\/0kvHNjjn4aq9-Yl0vRM7mM.webp\" \/>\n\t<meta property=\"og:image:width\" content=\"838\" \/>\n\t<meta property=\"og:image:height\" content=\"559\" \/>\n\t<meta property=\"og:image:type\" content=\"image\/webp\" \/>\n<meta name=\"author\" content=\"Anja Davis\" \/>\n<meta name=\"twitter:card\" content=\"summary_large_image\" \/>\n<meta name=\"twitter:label1\" content=\"\u00c9crit par\" \/>\n\t<meta name=\"twitter:data1\" content=\"Anja Davis\" \/>\n\t<meta name=\"twitter:label2\" content=\"Dur\u00e9e de lecture estim\u00e9e\" \/>\n\t<meta name=\"twitter:data2\" content=\"1 minute\" \/>\n<script type=\"application\/ld+json\" class=\"yoast-schema-graph\">{\"@context\":\"https:\/\/schema.org\",\"@graph\":[{\"@type\":\"Article\",\"@id\":\"https:\/\/alphasprachwelt.ch\/fr\/des-mineurs-auraient-mis-le-feu-a-une-ecole-primaire-a-geneve\/#article\",\"isPartOf\":{\"@id\":\"https:\/\/alphasprachwelt.ch\/fr\/des-mineurs-auraient-mis-le-feu-a-une-ecole-primaire-a-geneve\/\"},\"author\":{\"name\":\"Anja Davis\",\"@id\":\"https:\/\/alphasprachwelt.ch\/fr\/#\/schema\/person\/98f84085ba9bbd58c31d18781aa58138\"},\"headline\":\"Des mineurs auraient mis le feu \u00e0 une \u00e9cole primaire \u00e0 Gen\u00e8ve\",\"datePublished\":\"2023-08-31T09:18:00+00:00\",\"dateModified\":\"2025-08-20T08:32:38+00:00\",\"mainEntityOfPage\":{\"@id\":\"https:\/\/alphasprachwelt.ch\/fr\/des-mineurs-auraient-mis-le-feu-a-une-ecole-primaire-a-geneve\/\"},\"wordCount\":195,\"publisher\":{\"@id\":\"https:\/\/alphasprachwelt.ch\/fr\/#organization\"},\"articleSection\":[\"Suisse\"],\"inLanguage\":\"fr-FR\"},{\"@type\":\"WebPage\",\"@id\":\"https:\/\/alphasprachwelt.ch\/fr\/des-mineurs-auraient-mis-le-feu-a-une-ecole-primaire-a-geneve\/\",\"url\":\"https:\/\/alphasprachwelt.ch\/fr\/des-mineurs-auraient-mis-le-feu-a-une-ecole-primaire-a-geneve\/\",\"name\":\"Des mineurs auraient mis le feu \u00e0 une \u00e9cole primaire \u00e0 Gen\u00e8ve - Alpha Sprachwelt\",\"isPartOf\":{\"@id\":\"https:\/\/alphasprachwelt.ch\/fr\/#website\"},\"datePublished\":\"2023-08-31T09:18:00+00:00\",\"dateModified\":\"2025-08-20T08:32:38+00:00\",\"breadcrumb\":{\"@id\":\"https:\/\/alphasprachwelt.ch\/fr\/des-mineurs-auraient-mis-le-feu-a-une-ecole-primaire-a-geneve\/#breadcrumb\"},\"inLanguage\":\"fr-FR\",\"potentialAction\":[{\"@type\":\"ReadAction\",\"target\":[\"https:\/\/alphasprachwelt.ch\/fr\/des-mineurs-auraient-mis-le-feu-a-une-ecole-primaire-a-geneve\/\"]}]},{\"@type\":\"BreadcrumbList\",\"@id\":\"https:\/\/alphasprachwelt.ch\/fr\/des-mineurs-auraient-mis-le-feu-a-une-ecole-primaire-a-geneve\/#breadcrumb\",\"itemListElement\":[{\"@type\":\"ListItem\",\"position\":1,\"name\":\"Accueil\",\"item\":\"https:\/\/alphasprachwelt.ch\/fr\/accueil\/\"},{\"@type\":\"ListItem\",\"position\":2,\"name\":\"Des mineurs auraient mis le feu \u00e0 une \u00e9cole primaire \u00e0 Gen\u00e8ve\"}]},{\"@type\":\"WebSite\",\"@id\":\"https:\/\/alphasprachwelt.ch\/fr\/#website\",\"url\":\"https:\/\/alphasprachwelt.ch\/fr\/\",\"name\":\"Alpha Sprachwelt: Nachrichten und schlagzeilen aus der schweiz\",\"description\":\"\",\"publisher\":{\"@id\":\"https:\/\/alphasprachwelt.ch\/fr\/#organization\"},\"potentialAction\":[{\"@type\":\"SearchAction\",\"target\":{\"@type\":\"EntryPoint\",\"urlTemplate\":\"https:\/\/alphasprachwelt.ch\/fr\/?s={search_term_string}\"},\"query-input\":\"required name=search_term_string\"}],\"inLanguage\":\"fr-FR\"},{\"@type\":\"Organization\",\"@id\":\"https:\/\/alphasprachwelt.ch\/fr\/#organization\",\"name\":\"Alpha Sprachwel\",\"url\":\"https:\/\/alphasprachwelt.ch\/fr\/\",\"logo\":{\"@type\":\"ImageObject\",\"inLanguage\":\"fr-FR\",\"@id\":\"https:\/\/alphasprachwelt.ch\/fr\/#\/schema\/logo\/image\/\",\"url\":\"https:\/\/alphasprachwelt.ch\/wp-content\/uploads\/2023\/09\/Alpha__2_-removebg-preview.png\",\"contentUrl\":\"https:\/\/alphasprachwelt.ch\/wp-content\/uploads\/2023\/09\/Alpha__2_-removebg-preview.png\",\"width\":200,\"height\":80,\"caption\":\"Alpha Sprachwel\"},\"image\":{\"@id\":\"https:\/\/alphasprachwelt.ch\/fr\/#\/schema\/logo\/image\/\"}},{\"@type\":\"Person\",\"@id\":\"https:\/\/alphasprachwelt.ch\/fr\/#\/schema\/person\/98f84085ba9bbd58c31d18781aa58138\",\"name\":\"Anja Davis\",\"image\":{\"@type\":\"ImageObject\",\"inLanguage\":\"fr-FR\",\"@id\":\"https:\/\/alphasprachwelt.ch\/fr\/#\/schema\/person\/image\/\",\"url\":\"https:\/\/secure.gravatar.com\/avatar\/5a9d904d30c56e7773029a70262e1e4791a403964ba5935fe37502e2591319a9?s=96&d=mm&r=g\",\"contentUrl\":\"https:\/\/secure.gravatar.com\/avatar\/5a9d904d30c56e7773029a70262e1e4791a403964ba5935fe37502e2591319a9?s=96&d=mm&r=g\",\"caption\":\"Anja Davis\"},\"url\":\"https:\/\/alphasprachwelt.ch\/fr\/author\/adminalpha\/\"}]}<\/script>\n<!-- \/ Yoast SEO plugin. -->","yoast_head_json":{"title":"Des mineurs auraient mis le feu \u00e0 une \u00e9cole primaire \u00e0 Gen\u00e8ve - Alpha Sprachwelt","robots":{"index":"index","follow":"follow","max-snippet":"max-snippet:-1","max-image-preview":"max-image-preview:large","max-video-preview":"max-video-preview:-1"},"canonical":"https:\/\/alphasprachwelt.ch\/fr\/des-mineurs-auraient-mis-le-feu-a-une-ecole-primaire-a-geneve\/","og_locale":"fr_FR","og_type":"article","og_title":"Des mineurs auraient mis le feu \u00e0 une \u00e9cole primaire \u00e0 Gen\u00e8ve - Alpha Sprachwelt","og_description":"Dans la nuit de mardi \u00e0 mercredi, un incendie a d\u00e9truit la fa\u00e7ade d&rsquo;une \u00e9cole primaire \u00e0 Vernier GE. L&rsquo;\u00e9cole accueille 19 classes. Des solutions doivent \u00eatre trouv\u00e9es pour les \u00e9l\u00e8ves concern\u00e9s avant le d\u00e9but de la nouvelle ann\u00e9e scolaire. La police genevoise a arr\u00eat\u00e9 mardi trois mineurs soup\u00e7onn\u00e9s d&rsquo;\u00eatre impliqu\u00e9s dans l&rsquo;incendie de l&rsquo;\u00e9cole ... Lire la suite","og_url":"https:\/\/alphasprachwelt.ch\/fr\/des-mineurs-auraient-mis-le-feu-a-une-ecole-primaire-a-geneve\/","og_site_name":"Alpha Sprachwelt","article_published_time":"2023-08-31T09:18:00+00:00","article_modified_time":"2025-08-20T08:32:38+00:00","og_image":[{"width":838,"height":559,"url":"https:\/\/alphasprachwelt.ch\/wp-content\/uploads\/2023\/09\/0kvHNjjn4aq9-Yl0vRM7mM.webp","type":"image\/webp"}],"author":"Anja Davis","twitter_card":"summary_large_image","twitter_misc":{"\u00c9crit par":"Anja Davis","Dur\u00e9e de lecture estim\u00e9e":"1 minute"},"schema":{"@context":"https:\/\/schema.org","@graph":[{"@type":"Article","@id":"https:\/\/alphasprachwelt.ch\/fr\/des-mineurs-auraient-mis-le-feu-a-une-ecole-primaire-a-geneve\/#article","isPartOf":{"@id":"https:\/\/alphasprachwelt.ch\/fr\/des-mineurs-auraient-mis-le-feu-a-une-ecole-primaire-a-geneve\/"},"author":{"name":"Anja Davis","@id":"https:\/\/alphasprachwelt.ch\/fr\/#\/schema\/person\/98f84085ba9bbd58c31d18781aa58138"},"headline":"Des mineurs auraient mis le feu \u00e0 une \u00e9cole primaire \u00e0 Gen\u00e8ve","datePublished":"2023-08-31T09:18:00+00:00","dateModified":"2025-08-20T08:32:38+00:00","mainEntityOfPage":{"@id":"https:\/\/alphasprachwelt.ch\/fr\/des-mineurs-auraient-mis-le-feu-a-une-ecole-primaire-a-geneve\/"},"wordCount":195,"publisher":{"@id":"https:\/\/alphasprachwelt.ch\/fr\/#organization"},"articleSection":["Suisse"],"inLanguage":"fr-FR"},{"@type":"WebPage","@id":"https:\/\/alphasprachwelt.ch\/fr\/des-mineurs-auraient-mis-le-feu-a-une-ecole-primaire-a-geneve\/","url":"https:\/\/alphasprachwelt.ch\/fr\/des-mineurs-auraient-mis-le-feu-a-une-ecole-primaire-a-geneve\/","name":"Des mineurs auraient mis le feu \u00e0 une \u00e9cole primaire \u00e0 Gen\u00e8ve - Alpha Sprachwelt","isPartOf":{"@id":"https:\/\/alphasprachwelt.ch\/fr\/#website"},"datePublished":"2023-08-31T09:18:00+00:00","dateModified":"2025-08-20T08:32:38+00:00","breadcrumb":{"@id":"https:\/\/alphasprachwelt.ch\/fr\/des-mineurs-auraient-mis-le-feu-a-une-ecole-primaire-a-geneve\/#breadcrumb"},"inLanguage":"fr-FR","potentialAction":[{"@type":"ReadAction","target":["https:\/\/alphasprachwelt.ch\/fr\/des-mineurs-auraient-mis-le-feu-a-une-ecole-primaire-a-geneve\/"]}]},{"@type":"BreadcrumbList","@id":"https:\/\/alphasprachwelt.ch\/fr\/des-mineurs-auraient-mis-le-feu-a-une-ecole-primaire-a-geneve\/#breadcrumb","itemListElement":[{"@type":"ListItem","position":1,"name":"Accueil","item":"https:\/\/alphasprachwelt.ch\/fr\/accueil\/"},{"@type":"ListItem","position":2,"name":"Des mineurs auraient mis le feu \u00e0 une \u00e9cole primaire \u00e0 Gen\u00e8ve"}]},{"@type":"WebSite","@id":"https:\/\/alphasprachwelt.ch\/fr\/#website","url":"https:\/\/alphasprachwelt.ch\/fr\/","name":"Alpha Sprachwelt: Nachrichten und schlagzeilen aus der schweiz","description":"","publisher":{"@id":"https:\/\/alphasprachwelt.ch\/fr\/#organization"},"potentialAction":[{"@type":"SearchAction","target":{"@type":"EntryPoint","urlTemplate":"https:\/\/alphasprachwelt.ch\/fr\/?s={search_term_string}"},"query-input":"required name=search_term_string"}],"inLanguage":"fr-FR"},{"@type":"Organization","@id":"https:\/\/alphasprachwelt.ch\/fr\/#organization","name":"Alpha Sprachwel","url":"https:\/\/alphasprachwelt.ch\/fr\/","logo":{"@type":"ImageObject","inLanguage":"fr-FR","@id":"https:\/\/alphasprachwelt.ch\/fr\/#\/schema\/logo\/image\/","url":"https:\/\/alphasprachwelt.ch\/wp-content\/uploads\/2023\/09\/Alpha__2_-removebg-preview.png","contentUrl":"https:\/\/alphasprachwelt.ch\/wp-content\/uploads\/2023\/09\/Alpha__2_-removebg-preview.png","width":200,"height":80,"caption":"Alpha Sprachwel"},"image":{"@id":"https:\/\/alphasprachwelt.ch\/fr\/#\/schema\/logo\/image\/"}},{"@type":"Person","@id":"https:\/\/alphasprachwelt.ch\/fr\/#\/schema\/person\/98f84085ba9bbd58c31d18781aa58138","name":"Anja Davis","image":{"@type":"ImageObject","inLanguage":"fr-FR","@id":"https:\/\/alphasprachwelt.ch\/fr\/#\/schema\/person\/image\/","url":"https:\/\/secure.gravatar.com\/avatar\/5a9d904d30c56e7773029a70262e1e4791a403964ba5935fe37502e2591319a9?s=96&d=mm&r=g","contentUrl":"https:\/\/secure.gravatar.com\/avatar\/5a9d904d30c56e7773029a70262e1e4791a403964ba5935fe37502e2591319a9?s=96&d=mm&r=g","caption":"Anja Davis"},"url":"https:\/\/alphasprachwelt.ch\/fr\/author\/adminalpha\/"}]}},"_links":{"self":[{"href":"https:\/\/alphasprachwelt.ch\/fr\/wp-json\/wp\/v2\/posts\/1238","targetHints":{"allow":["GET"]}}],"collection":[{"href":"https:\/\/alphasprachwelt.ch\/fr\/wp-json\/wp\/v2\/posts"}],"about":[{"href":"https:\/\/alphasprachwelt.ch\/fr\/wp-json\/wp\/v2\/types\/post"}],"author":[{"embeddable":true,"href":"https:\/\/alphasprachwelt.ch\/fr\/wp-json\/wp\/v2\/users\/3"}],"replies":[{"embeddable":true,"href":"https:\/\/alphasprachwelt.ch\/fr\/wp-json\/wp\/v2\/comments?post=1238"}],"version-history":[{"count":1,"href":"https:\/\/alphasprachwelt.ch\/fr\/wp-json\/wp\/v2\/posts\/1238\/revisions"}],"predecessor-version":[{"id":1239,"href":"https:\/\/alphasprachwelt.ch\/fr\/wp-json\/wp\/v2\/posts\/1238\/revisions\/1239"}],"wp:featuredmedia":[{"embeddable":true,"href":"https:\/\/alphasprachwelt.ch\/fr\/wp-json\/wp\/v2\/media\/1225"}],"wp:attachment":[{"href":"https:\/\/alphasprachwelt.ch\/fr\/wp-json\/wp\/v2\/media?parent=1238"}],"wp:term":[{"taxonomy":"category","embeddable":true,"href":"https:\/\/alphasprachwelt.ch\/fr\/wp-json\/wp\/v2\/categories?post=1238"},{"taxonomy":"post_tag","embeddable":true,"href":"https:\/\/alphasprachwelt.ch\/fr\/wp-json\/wp\/v2\/tags?post=1238"}],"curies":[{"name":"wp","href":"https:\/\/api.w.org\/{rel}","templated":true}]}}