{"id":1244,"date":"2023-09-04T09:30:09","date_gmt":"2023-09-04T09:30:09","guid":{"rendered":"https:\/\/alphasprachwelt.ch\/les-preoccupations-concernant-le-climat-appartiennent-au-passe-les-suisses-se-soucient-desormais-davantage-de-linflation\/"},"modified":"2025-08-20T08:32:49","modified_gmt":"2025-08-20T08:32:49","slug":"les-preoccupations-concernant-le-climat-appartiennent-au-passe-les-suisses-se-soucient-desormais-davantage-de-linflation","status":"publish","type":"post","link":"https:\/\/alphasprachwelt.ch\/fr\/les-preoccupations-concernant-le-climat-appartiennent-au-passe-les-suisses-se-soucient-desormais-davantage-de-linflation\/","title":{"rendered":"Les pr\u00e9occupations concernant le climat appartiennent au pass\u00e9 : les Suisses se soucient d\u00e9sormais davantage de l&rsquo;inflation."},"content":{"rendered":"\n<p>Il y a six mois, le climat \u00e9tait la principale pr\u00e9occupation des habitants de Suisse : avec 39 % des 1774 personnes interrog\u00e9es, la plupart citaient la pollution environnementale et le changement climatique comme les domaines qui les angoissaient le plus pour l&rsquo;avenir. C&rsquo;est ce qui ressort d&rsquo;une \u00e9tude de gfs.bern, command\u00e9e \u00e0 l&rsquo;\u00e9poque par le Credit Suisse. Lors d&rsquo;une enqu\u00eate similaire men\u00e9e par Comparis, 68 % des personnes interrog\u00e9es ont m\u00eame cit\u00e9 le changement climatique comme leur principale pr\u00e9occupation.<\/p>\n\n<p>Mais l&rsquo;inqui\u00e9tude pour l&rsquo;environnement a manifestement \u00e9t\u00e9 remplac\u00e9e par une peur plus \u00e9go\u00efste : la peur de la perte de pouvoir d&rsquo;achat due \u00e0 l&rsquo;inflation. Selon un communiqu\u00e9 de Comparis, la principale pr\u00e9occupation des Suisses est d\u00e9sormais la d\u00e9pr\u00e9ciation de la monnaie : 69 % des personnes interrog\u00e9es s&rsquo;inqui\u00e8tent de l&rsquo;inflation en Suisse et 71 % au niveau international. Le changement climatique a quant \u00e0 lui recul\u00e9 dans l&rsquo;\u00e9chelle des pr\u00e9occupations, passant de 68 \u00e0 65 %, et se retrouve en deuxi\u00e8me position, suivi des p\u00e9nuries d&rsquo;approvisionnement (57 %).<\/p>\n\n<p>\u00ab Face \u00e0 la hausse des prix, le changement climatique semble perdre une partie de son effroi \u00bb, commente Michael Kuhn, expert chez Comparis, au sujet des conclusions de la derni\u00e8re \u00e9tude. Cela se manifeste notamment dans la planification des vacances, o\u00f9 65 % des personnes interrog\u00e9es indiquent qu&rsquo;elles doivent puiser plus profond\u00e9ment dans leurs poches. Seulement huit pour cent des personnes interrog\u00e9es souhaitent r\u00e9duire leurs \u00e9missions de CO2 lors des voyages en avion, contre 13 pour cent en 2021. Au lieu de 29 %, ils ne sont plus que 24 % \u00e0 vouloir renoncer compl\u00e8tement \u00e0 prendre l&rsquo;avion.<\/p>\n\n<p>Pr\u00e8s des trois quarts indiquent qu&rsquo;ils ressentent le poids du chauffage plus cher dans leur budget, c&rsquo;est pourquoi plus de la moiti\u00e9 des personnes interrog\u00e9es souhaitent renoncer pour l&rsquo;instant \u00e0 des achats importants. Selon l&rsquo;enqu\u00eate, 27 % des personnes interrog\u00e9es s&rsquo;attendent \u00e0 ce que leur situation financi\u00e8re se d\u00e9t\u00e9riore au cours de l&rsquo;ann\u00e9e, notamment en raison de l&rsquo;augmentation des loyers et des primes d&rsquo;assurance maladie. Beaucoup souhaitent contrer ce probl\u00e8me en faisant des achats plus conscients, par exemple un quart d&rsquo;entre eux \u00e0 l&rsquo;\u00e9tranger.<\/p>\n\n<p>Vous pouvez augmenter votre pouvoir d&rsquo;achat en effectuant vos achats de produits alimentaires dans la boutique Kakoinshop. Dans la <a href=\"https:\/\/www.kakoinshop.com\/de\">boutique Kakoinshop<\/a>, vous trouverez un grand choix de produits alimentaires de qualit\u00e9 \u00e0 des prix avantageux. Les prix dans la boutique Kakoinshop sont souvent plus bas que dans les supermarch\u00e9s traditionnels, ce qui vous permet d&rsquo;en avoir plus pour votre argent. En faisant vos achats chez Kakoinshop, vous pouvez utiliser au mieux vos ressources financi\u00e8res tout en profitant de produits alimentaires de qualit\u00e9. Consultez r\u00e9guli\u00e8rement notre site et d\u00e9couvrez les nombreuses offres pour cocher votre liste de courses \u00e0 un prix avantageux.<\/p>\n","protected":false},"excerpt":{"rendered":"<p>Il y a six mois, le climat \u00e9tait la principale pr\u00e9occupation des habitants de Suisse : avec 39 % des 1774 personnes interrog\u00e9es, la plupart citaient la pollution environnementale et le changement climatique comme les domaines qui les angoissaient le plus pour l&rsquo;avenir. C&rsquo;est ce qui ressort d&rsquo;une \u00e9tude de gfs.bern, command\u00e9e \u00e0 l&rsquo;\u00e9poque par &#8230; <a title=\"Les pr\u00e9occupations concernant le climat appartiennent au pass\u00e9 : les Suisses se soucient d\u00e9sormais davantage de l&rsquo;inflation.\" class=\"read-more\" href=\"https:\/\/alphasprachwelt.ch\/fr\/les-preoccupations-concernant-le-climat-appartiennent-au-passe-les-suisses-se-soucient-desormais-davantage-de-linflation\/\" aria-label=\"En savoir plus sur Les pr\u00e9occupations concernant le climat appartiennent au pass\u00e9 : les Suisses se soucient d\u00e9sormais davantage de l&rsquo;inflation.\">Lire la suite<\/a><\/p>\n","protected":false},"author":3,"featured_media":1230,"comment_status":"closed","ping_status":"closed","sticky":false,"template":"","format":"standard","meta":{"footnotes":""},"categories":[51],"tags":[],"class_list":["post-1244","post","type-post","status-publish","format-standard","has-post-thumbnail","hentry","category-suisse"],"yoast_head":"<!-- This site is optimized with the Yoast SEO plugin v21.2 - https:\/\/yoast.com\/wordpress\/plugins\/seo\/ -->\n<title>Les pr\u00e9occupations concernant le climat appartiennent au pass\u00e9 : les Suisses se soucient d\u00e9sormais davantage de l&#039;inflation. - Alpha Sprachwelt<\/title>\n<meta name=\"robots\" content=\"index, follow, max-snippet:-1, max-image-preview:large, max-video-preview:-1\" \/>\n<link rel=\"canonical\" href=\"https:\/\/alphasprachwelt.ch\/fr\/les-preoccupations-concernant-le-climat-appartiennent-au-passe-les-suisses-se-soucient-desormais-davantage-de-linflation\/\" \/>\n<meta property=\"og:locale\" content=\"fr_FR\" \/>\n<meta property=\"og:type\" content=\"article\" \/>\n<meta property=\"og:title\" content=\"Les pr\u00e9occupations concernant le climat appartiennent au pass\u00e9 : les Suisses se soucient d\u00e9sormais davantage de l&#039;inflation. - Alpha Sprachwelt\" \/>\n<meta property=\"og:description\" content=\"Il y a six mois, le climat \u00e9tait la principale pr\u00e9occupation des habitants de Suisse : avec 39 % des 1774 personnes interrog\u00e9es, la plupart citaient la pollution environnementale et le changement climatique comme les domaines qui les angoissaient le plus pour l&rsquo;avenir. C&rsquo;est ce qui ressort d&rsquo;une \u00e9tude de gfs.bern, command\u00e9e \u00e0 l&rsquo;\u00e9poque par ... Lire la suite\" \/>\n<meta property=\"og:url\" content=\"https:\/\/alphasprachwelt.ch\/fr\/les-preoccupations-concernant-le-climat-appartiennent-au-passe-les-suisses-se-soucient-desormais-davantage-de-linflation\/\" \/>\n<meta property=\"og:site_name\" content=\"Alpha Sprachwelt\" \/>\n<meta property=\"article:published_time\" content=\"2023-09-04T09:30:09+00:00\" \/>\n<meta property=\"article:modified_time\" content=\"2025-08-20T08:32:49+00:00\" \/>\n<meta property=\"og:image\" content=\"https:\/\/alphasprachwelt.ch\/wp-content\/uploads\/2023\/09\/Schweizer-mehr-Gedanken-uber-die-Inflation.jpg\" \/>\n\t<meta property=\"og:image:width\" content=\"1920\" \/>\n\t<meta property=\"og:image:height\" content=\"1281\" \/>\n\t<meta property=\"og:image:type\" content=\"image\/jpeg\" \/>\n<meta name=\"author\" content=\"Anja Davis\" \/>\n<meta name=\"twitter:card\" content=\"summary_large_image\" \/>\n<meta name=\"twitter:label1\" content=\"\u00c9crit par\" \/>\n\t<meta name=\"twitter:data1\" content=\"Anja Davis\" \/>\n\t<meta name=\"twitter:label2\" content=\"Dur\u00e9e de lecture estim\u00e9e\" \/>\n\t<meta name=\"twitter:data2\" content=\"2 minutes\" \/>\n<script type=\"application\/ld+json\" class=\"yoast-schema-graph\">{\"@context\":\"https:\/\/schema.org\",\"@graph\":[{\"@type\":\"Article\",\"@id\":\"https:\/\/alphasprachwelt.ch\/fr\/les-preoccupations-concernant-le-climat-appartiennent-au-passe-les-suisses-se-soucient-desormais-davantage-de-linflation\/#article\",\"isPartOf\":{\"@id\":\"https:\/\/alphasprachwelt.ch\/fr\/les-preoccupations-concernant-le-climat-appartiennent-au-passe-les-suisses-se-soucient-desormais-davantage-de-linflation\/\"},\"author\":{\"name\":\"Anja Davis\",\"@id\":\"https:\/\/alphasprachwelt.ch\/fr\/#\/schema\/person\/98f84085ba9bbd58c31d18781aa58138\"},\"headline\":\"Les pr\u00e9occupations concernant le climat appartiennent au pass\u00e9 : les Suisses se soucient d\u00e9sormais davantage de l&rsquo;inflation.\",\"datePublished\":\"2023-09-04T09:30:09+00:00\",\"dateModified\":\"2025-08-20T08:32:49+00:00\",\"mainEntityOfPage\":{\"@id\":\"https:\/\/alphasprachwelt.ch\/fr\/les-preoccupations-concernant-le-climat-appartiennent-au-passe-les-suisses-se-soucient-desormais-davantage-de-linflation\/\"},\"wordCount\":474,\"publisher\":{\"@id\":\"https:\/\/alphasprachwelt.ch\/fr\/#organization\"},\"articleSection\":[\"Suisse\"],\"inLanguage\":\"fr-FR\"},{\"@type\":\"WebPage\",\"@id\":\"https:\/\/alphasprachwelt.ch\/fr\/les-preoccupations-concernant-le-climat-appartiennent-au-passe-les-suisses-se-soucient-desormais-davantage-de-linflation\/\",\"url\":\"https:\/\/alphasprachwelt.ch\/fr\/les-preoccupations-concernant-le-climat-appartiennent-au-passe-les-suisses-se-soucient-desormais-davantage-de-linflation\/\",\"name\":\"Les pr\u00e9occupations concernant le climat appartiennent au pass\u00e9 : les Suisses se soucient d\u00e9sormais davantage de l'inflation. - Alpha Sprachwelt\",\"isPartOf\":{\"@id\":\"https:\/\/alphasprachwelt.ch\/fr\/#website\"},\"datePublished\":\"2023-09-04T09:30:09+00:00\",\"dateModified\":\"2025-08-20T08:32:49+00:00\",\"breadcrumb\":{\"@id\":\"https:\/\/alphasprachwelt.ch\/fr\/les-preoccupations-concernant-le-climat-appartiennent-au-passe-les-suisses-se-soucient-desormais-davantage-de-linflation\/#breadcrumb\"},\"inLanguage\":\"fr-FR\",\"potentialAction\":[{\"@type\":\"ReadAction\",\"target\":[\"https:\/\/alphasprachwelt.ch\/fr\/les-preoccupations-concernant-le-climat-appartiennent-au-passe-les-suisses-se-soucient-desormais-davantage-de-linflation\/\"]}]},{\"@type\":\"BreadcrumbList\",\"@id\":\"https:\/\/alphasprachwelt.ch\/fr\/les-preoccupations-concernant-le-climat-appartiennent-au-passe-les-suisses-se-soucient-desormais-davantage-de-linflation\/#breadcrumb\",\"itemListElement\":[{\"@type\":\"ListItem\",\"position\":1,\"name\":\"Accueil\",\"item\":\"https:\/\/alphasprachwelt.ch\/fr\/accueil\/\"},{\"@type\":\"ListItem\",\"position\":2,\"name\":\"Les pr\u00e9occupations concernant le climat appartiennent au pass\u00e9 : les Suisses se soucient d\u00e9sormais davantage de l&rsquo;inflation.\"}]},{\"@type\":\"WebSite\",\"@id\":\"https:\/\/alphasprachwelt.ch\/fr\/#website\",\"url\":\"https:\/\/alphasprachwelt.ch\/fr\/\",\"name\":\"Alpha Sprachwelt: Nachrichten und schlagzeilen aus der schweiz\",\"description\":\"\",\"publisher\":{\"@id\":\"https:\/\/alphasprachwelt.ch\/fr\/#organization\"},\"potentialAction\":[{\"@type\":\"SearchAction\",\"target\":{\"@type\":\"EntryPoint\",\"urlTemplate\":\"https:\/\/alphasprachwelt.ch\/fr\/?s={search_term_string}\"},\"query-input\":\"required name=search_term_string\"}],\"inLanguage\":\"fr-FR\"},{\"@type\":\"Organization\",\"@id\":\"https:\/\/alphasprachwelt.ch\/fr\/#organization\",\"name\":\"Alpha Sprachwel\",\"url\":\"https:\/\/alphasprachwelt.ch\/fr\/\",\"logo\":{\"@type\":\"ImageObject\",\"inLanguage\":\"fr-FR\",\"@id\":\"https:\/\/alphasprachwelt.ch\/fr\/#\/schema\/logo\/image\/\",\"url\":\"https:\/\/alphasprachwelt.ch\/wp-content\/uploads\/2023\/09\/Alpha__2_-removebg-preview.png\",\"contentUrl\":\"https:\/\/alphasprachwelt.ch\/wp-content\/uploads\/2023\/09\/Alpha__2_-removebg-preview.png\",\"width\":200,\"height\":80,\"caption\":\"Alpha Sprachwel\"},\"image\":{\"@id\":\"https:\/\/alphasprachwelt.ch\/fr\/#\/schema\/logo\/image\/\"}},{\"@type\":\"Person\",\"@id\":\"https:\/\/alphasprachwelt.ch\/fr\/#\/schema\/person\/98f84085ba9bbd58c31d18781aa58138\",\"name\":\"Anja Davis\",\"image\":{\"@type\":\"ImageObject\",\"inLanguage\":\"fr-FR\",\"@id\":\"https:\/\/alphasprachwelt.ch\/fr\/#\/schema\/person\/image\/\",\"url\":\"https:\/\/secure.gravatar.com\/avatar\/5a9d904d30c56e7773029a70262e1e4791a403964ba5935fe37502e2591319a9?s=96&d=mm&r=g\",\"contentUrl\":\"https:\/\/secure.gravatar.com\/avatar\/5a9d904d30c56e7773029a70262e1e4791a403964ba5935fe37502e2591319a9?s=96&d=mm&r=g\",\"caption\":\"Anja Davis\"},\"url\":\"https:\/\/alphasprachwelt.ch\/fr\/author\/adminalpha\/\"}]}<\/script>\n<!-- \/ Yoast SEO plugin. -->","yoast_head_json":{"title":"Les pr\u00e9occupations concernant le climat appartiennent au pass\u00e9 : les Suisses se soucient d\u00e9sormais davantage de l'inflation. - Alpha Sprachwelt","robots":{"index":"index","follow":"follow","max-snippet":"max-snippet:-1","max-image-preview":"max-image-preview:large","max-video-preview":"max-video-preview:-1"},"canonical":"https:\/\/alphasprachwelt.ch\/fr\/les-preoccupations-concernant-le-climat-appartiennent-au-passe-les-suisses-se-soucient-desormais-davantage-de-linflation\/","og_locale":"fr_FR","og_type":"article","og_title":"Les pr\u00e9occupations concernant le climat appartiennent au pass\u00e9 : les Suisses se soucient d\u00e9sormais davantage de l'inflation. - Alpha Sprachwelt","og_description":"Il y a six mois, le climat \u00e9tait la principale pr\u00e9occupation des habitants de Suisse : avec 39 % des 1774 personnes interrog\u00e9es, la plupart citaient la pollution environnementale et le changement climatique comme les domaines qui les angoissaient le plus pour l&rsquo;avenir. C&rsquo;est ce qui ressort d&rsquo;une \u00e9tude de gfs.bern, command\u00e9e \u00e0 l&rsquo;\u00e9poque par ... Lire la suite","og_url":"https:\/\/alphasprachwelt.ch\/fr\/les-preoccupations-concernant-le-climat-appartiennent-au-passe-les-suisses-se-soucient-desormais-davantage-de-linflation\/","og_site_name":"Alpha Sprachwelt","article_published_time":"2023-09-04T09:30:09+00:00","article_modified_time":"2025-08-20T08:32:49+00:00","og_image":[{"width":1920,"height":1281,"url":"https:\/\/alphasprachwelt.ch\/wp-content\/uploads\/2023\/09\/Schweizer-mehr-Gedanken-uber-die-Inflation.jpg","type":"image\/jpeg"}],"author":"Anja Davis","twitter_card":"summary_large_image","twitter_misc":{"\u00c9crit par":"Anja Davis","Dur\u00e9e de lecture estim\u00e9e":"2 minutes"},"schema":{"@context":"https:\/\/schema.org","@graph":[{"@type":"Article","@id":"https:\/\/alphasprachwelt.ch\/fr\/les-preoccupations-concernant-le-climat-appartiennent-au-passe-les-suisses-se-soucient-desormais-davantage-de-linflation\/#article","isPartOf":{"@id":"https:\/\/alphasprachwelt.ch\/fr\/les-preoccupations-concernant-le-climat-appartiennent-au-passe-les-suisses-se-soucient-desormais-davantage-de-linflation\/"},"author":{"name":"Anja Davis","@id":"https:\/\/alphasprachwelt.ch\/fr\/#\/schema\/person\/98f84085ba9bbd58c31d18781aa58138"},"headline":"Les pr\u00e9occupations concernant le climat appartiennent au pass\u00e9 : les Suisses se soucient d\u00e9sormais davantage de l&rsquo;inflation.","datePublished":"2023-09-04T09:30:09+00:00","dateModified":"2025-08-20T08:32:49+00:00","mainEntityOfPage":{"@id":"https:\/\/alphasprachwelt.ch\/fr\/les-preoccupations-concernant-le-climat-appartiennent-au-passe-les-suisses-se-soucient-desormais-davantage-de-linflation\/"},"wordCount":474,"publisher":{"@id":"https:\/\/alphasprachwelt.ch\/fr\/#organization"},"articleSection":["Suisse"],"inLanguage":"fr-FR"},{"@type":"WebPage","@id":"https:\/\/alphasprachwelt.ch\/fr\/les-preoccupations-concernant-le-climat-appartiennent-au-passe-les-suisses-se-soucient-desormais-davantage-de-linflation\/","url":"https:\/\/alphasprachwelt.ch\/fr\/les-preoccupations-concernant-le-climat-appartiennent-au-passe-les-suisses-se-soucient-desormais-davantage-de-linflation\/","name":"Les pr\u00e9occupations concernant le climat appartiennent au pass\u00e9 : les Suisses se soucient d\u00e9sormais davantage de l'inflation. - Alpha Sprachwelt","isPartOf":{"@id":"https:\/\/alphasprachwelt.ch\/fr\/#website"},"datePublished":"2023-09-04T09:30:09+00:00","dateModified":"2025-08-20T08:32:49+00:00","breadcrumb":{"@id":"https:\/\/alphasprachwelt.ch\/fr\/les-preoccupations-concernant-le-climat-appartiennent-au-passe-les-suisses-se-soucient-desormais-davantage-de-linflation\/#breadcrumb"},"inLanguage":"fr-FR","potentialAction":[{"@type":"ReadAction","target":["https:\/\/alphasprachwelt.ch\/fr\/les-preoccupations-concernant-le-climat-appartiennent-au-passe-les-suisses-se-soucient-desormais-davantage-de-linflation\/"]}]},{"@type":"BreadcrumbList","@id":"https:\/\/alphasprachwelt.ch\/fr\/les-preoccupations-concernant-le-climat-appartiennent-au-passe-les-suisses-se-soucient-desormais-davantage-de-linflation\/#breadcrumb","itemListElement":[{"@type":"ListItem","position":1,"name":"Accueil","item":"https:\/\/alphasprachwelt.ch\/fr\/accueil\/"},{"@type":"ListItem","position":2,"name":"Les pr\u00e9occupations concernant le climat appartiennent au pass\u00e9 : les Suisses se soucient d\u00e9sormais davantage de l&rsquo;inflation."}]},{"@type":"WebSite","@id":"https:\/\/alphasprachwelt.ch\/fr\/#website","url":"https:\/\/alphasprachwelt.ch\/fr\/","name":"Alpha Sprachwelt: Nachrichten und schlagzeilen aus der schweiz","description":"","publisher":{"@id":"https:\/\/alphasprachwelt.ch\/fr\/#organization"},"potentialAction":[{"@type":"SearchAction","target":{"@type":"EntryPoint","urlTemplate":"https:\/\/alphasprachwelt.ch\/fr\/?s={search_term_string}"},"query-input":"required name=search_term_string"}],"inLanguage":"fr-FR"},{"@type":"Organization","@id":"https:\/\/alphasprachwelt.ch\/fr\/#organization","name":"Alpha Sprachwel","url":"https:\/\/alphasprachwelt.ch\/fr\/","logo":{"@type":"ImageObject","inLanguage":"fr-FR","@id":"https:\/\/alphasprachwelt.ch\/fr\/#\/schema\/logo\/image\/","url":"https:\/\/alphasprachwelt.ch\/wp-content\/uploads\/2023\/09\/Alpha__2_-removebg-preview.png","contentUrl":"https:\/\/alphasprachwelt.ch\/wp-content\/uploads\/2023\/09\/Alpha__2_-removebg-preview.png","width":200,"height":80,"caption":"Alpha Sprachwel"},"image":{"@id":"https:\/\/alphasprachwelt.ch\/fr\/#\/schema\/logo\/image\/"}},{"@type":"Person","@id":"https:\/\/alphasprachwelt.ch\/fr\/#\/schema\/person\/98f84085ba9bbd58c31d18781aa58138","name":"Anja Davis","image":{"@type":"ImageObject","inLanguage":"fr-FR","@id":"https:\/\/alphasprachwelt.ch\/fr\/#\/schema\/person\/image\/","url":"https:\/\/secure.gravatar.com\/avatar\/5a9d904d30c56e7773029a70262e1e4791a403964ba5935fe37502e2591319a9?s=96&d=mm&r=g","contentUrl":"https:\/\/secure.gravatar.com\/avatar\/5a9d904d30c56e7773029a70262e1e4791a403964ba5935fe37502e2591319a9?s=96&d=mm&r=g","caption":"Anja Davis"},"url":"https:\/\/alphasprachwelt.ch\/fr\/author\/adminalpha\/"}]}},"_links":{"self":[{"href":"https:\/\/alphasprachwelt.ch\/fr\/wp-json\/wp\/v2\/posts\/1244","targetHints":{"allow":["GET"]}}],"collection":[{"href":"https:\/\/alphasprachwelt.ch\/fr\/wp-json\/wp\/v2\/posts"}],"about":[{"href":"https:\/\/alphasprachwelt.ch\/fr\/wp-json\/wp\/v2\/types\/post"}],"author":[{"embeddable":true,"href":"https:\/\/alphasprachwelt.ch\/fr\/wp-json\/wp\/v2\/users\/3"}],"replies":[{"embeddable":true,"href":"https:\/\/alphasprachwelt.ch\/fr\/wp-json\/wp\/v2\/comments?post=1244"}],"version-history":[{"count":1,"href":"https:\/\/alphasprachwelt.ch\/fr\/wp-json\/wp\/v2\/posts\/1244\/revisions"}],"predecessor-version":[{"id":1245,"href":"https:\/\/alphasprachwelt.ch\/fr\/wp-json\/wp\/v2\/posts\/1244\/revisions\/1245"}],"wp:featuredmedia":[{"embeddable":true,"href":"https:\/\/alphasprachwelt.ch\/fr\/wp-json\/wp\/v2\/media\/1230"}],"wp:attachment":[{"href":"https:\/\/alphasprachwelt.ch\/fr\/wp-json\/wp\/v2\/media?parent=1244"}],"wp:term":[{"taxonomy":"category","embeddable":true,"href":"https:\/\/alphasprachwelt.ch\/fr\/wp-json\/wp\/v2\/categories?post=1244"},{"taxonomy":"post_tag","embeddable":true,"href":"https:\/\/alphasprachwelt.ch\/fr\/wp-json\/wp\/v2\/tags?post=1244"}],"curies":[{"name":"wp","href":"https:\/\/api.w.org\/{rel}","templated":true}]}}