{"id":1248,"date":"2023-08-10T09:49:00","date_gmt":"2023-08-10T09:49:00","guid":{"rendered":"https:\/\/alphasprachwelt.ch\/et-quen-est-il-de-nos-enfants\/"},"modified":"2025-08-20T08:33:01","modified_gmt":"2025-08-20T08:33:01","slug":"et-quen-est-il-de-nos-enfants","status":"publish","type":"post","link":"https:\/\/alphasprachwelt.ch\/fr\/et-quen-est-il-de-nos-enfants\/","title":{"rendered":"Et qu&rsquo;en est-il de nos enfants&nbsp;?"},"content":{"rendered":"\n<p>Au Palais f\u00e9d\u00e9ral, la gauche, la droite et les employeurs se disputent au sujet des subventions massives pour la prise en charge des enfants dans les cr\u00e8ches. Des experts mettent d\u00e9sormais en garde contre le fait qu&rsquo;une prise en charge familiale pr\u00e9coce peut \u00eatre n\u00e9faste si la qualit\u00e9 n&rsquo;est pas au rendez-vous. Le bien-\u00eatre des enfants n&rsquo;est pas suffisamment pris en compte.<\/p>\n\n<p>Il s&rsquo;agit de sommes consid\u00e9rables\u00a0: le Conseil national veut d\u00e9penser chaque ann\u00e9e environ 710\u00a0millions de francs pour soulager financi\u00e8rement les parents qui font garder leurs enfants dans des cr\u00e8ches ou des structures similaires. A cela s&rsquo;ajoutent 60\u00a0millions suppl\u00e9mentaires pour le d\u00e9veloppement et l&rsquo;extension des offres. Comme il s&rsquo;agit d&rsquo;enjeux aussi importants, la commission comp\u00e9tente du Conseil des \u00c9tats a stopp\u00e9 l&rsquo;affaire cette semaine. Elle veut examiner d&rsquo;autres possibilit\u00e9s de financement. La grande question est la suivante\u00a0: qui va payer\u00a0? La Conf\u00e9d\u00e9ration, les cantons ou les employeurs\u00a0?<\/p>\n\n<p>Une question qui est rarement pos\u00e9e\u00a0: qu&rsquo;est-ce que tout cela apporte r\u00e9ellement aux personnes directement concern\u00e9es\u00a0? \u00ab Le point de vue des enfants est n\u00e9glig\u00e9 dans la politique f\u00e9d\u00e9rale \u00bb, critique Oskar Jenni, chef du d\u00e9partement de neurologie du d\u00e9veloppement \u00e0 l&rsquo;h\u00f4pital pour enfants de Zurich. La discussion devrait en fait \u00eatre men\u00e9e avant tout de ce point de vue, car\u00a0: \u00ab les premi\u00e8res ann\u00e9es de la vie sont d\u00e9terminantes pour le d\u00e9veloppement de l&rsquo;enfant. \u00bb Il est certes prouv\u00e9 qu&rsquo;une promotion pr\u00e9coce dans les cr\u00e8ches peut apporter beaucoup aux enfants, surtout \u00e0 ceux issus de familles d\u00e9favoris\u00e9es.<\/p>\n\n<p>Mais il est clair \u00e9galement que si quelque chose tourne mal \u00e0 cet \u00e2ge, cela peut avoir de graves cons\u00e9quences pour l&rsquo;enfant et donc aussi pour la soci\u00e9t\u00e9. \u00ab Les enfants ont besoin, dans leur petite enfance, de personnes de r\u00e9f\u00e9rence fiables, famili\u00e8res, disponibles et affectueuses \u00bb, explique Jenni. \u00ab Si celles-ci font d\u00e9faut, cela peut avoir des r\u00e9percussions sur le d\u00e9veloppement des enfants et entra\u00eener des troubles du comportement. \u00bb Certes, les \u00e9ducateurs de cr\u00e8che peuvent aussi nouer de telles relations stables, mais cela est difficile dans certains endroits en raison des nombreux changements de personnel et des grands groupes.<\/p>\n","protected":false},"excerpt":{"rendered":"<p>Au Palais f\u00e9d\u00e9ral, la gauche, la droite et les employeurs se disputent au sujet des subventions massives pour la prise en charge des enfants dans les cr\u00e8ches. Des experts mettent d\u00e9sormais en garde contre le fait qu&rsquo;une prise en charge familiale pr\u00e9coce peut \u00eatre n\u00e9faste si la qualit\u00e9 n&rsquo;est pas au rendez-vous. Le bien-\u00eatre des &#8230; <a title=\"Et qu&rsquo;en est-il de nos enfants&nbsp;?\" class=\"read-more\" href=\"https:\/\/alphasprachwelt.ch\/fr\/et-quen-est-il-de-nos-enfants\/\" aria-label=\"En savoir plus sur Et qu&rsquo;en est-il de nos enfants&nbsp;?\">Lire la suite<\/a><\/p>\n","protected":false},"author":3,"featured_media":1228,"comment_status":"closed","ping_status":"closed","sticky":false,"template":"","format":"standard","meta":{"footnotes":""},"categories":[51],"tags":[],"class_list":["post-1248","post","type-post","status-publish","format-standard","has-post-thumbnail","hentry","category-suisse"],"yoast_head":"<!-- This site is optimized with the Yoast SEO plugin v21.2 - https:\/\/yoast.com\/wordpress\/plugins\/seo\/ -->\n<title>Et qu&#039;en est-il de nos enfants&nbsp;? - Alpha Sprachwelt<\/title>\n<meta name=\"robots\" content=\"index, follow, max-snippet:-1, max-image-preview:large, max-video-preview:-1\" \/>\n<link rel=\"canonical\" href=\"https:\/\/alphasprachwelt.ch\/fr\/et-quen-est-il-de-nos-enfants\/\" \/>\n<meta property=\"og:locale\" content=\"fr_FR\" \/>\n<meta property=\"og:type\" content=\"article\" \/>\n<meta property=\"og:title\" content=\"Et qu&#039;en est-il de nos enfants&nbsp;? - Alpha Sprachwelt\" \/>\n<meta property=\"og:description\" content=\"Au Palais f\u00e9d\u00e9ral, la gauche, la droite et les employeurs se disputent au sujet des subventions massives pour la prise en charge des enfants dans les cr\u00e8ches. Des experts mettent d\u00e9sormais en garde contre le fait qu&rsquo;une prise en charge familiale pr\u00e9coce peut \u00eatre n\u00e9faste si la qualit\u00e9 n&rsquo;est pas au rendez-vous. Le bien-\u00eatre des ... Lire la suite\" \/>\n<meta property=\"og:url\" content=\"https:\/\/alphasprachwelt.ch\/fr\/et-quen-est-il-de-nos-enfants\/\" \/>\n<meta property=\"og:site_name\" content=\"Alpha Sprachwelt\" \/>\n<meta property=\"article:published_time\" content=\"2023-08-10T09:49:00+00:00\" \/>\n<meta property=\"article:modified_time\" content=\"2025-08-20T08:33:01+00:00\" \/>\n<meta property=\"og:image\" content=\"https:\/\/alphasprachwelt.ch\/wp-content\/uploads\/2023\/09\/Und-was-ist-mit-unseren-Kindern.jpg\" \/>\n\t<meta property=\"og:image:width\" content=\"1920\" \/>\n\t<meta property=\"og:image:height\" content=\"1280\" \/>\n\t<meta property=\"og:image:type\" content=\"image\/jpeg\" \/>\n<meta name=\"author\" content=\"Anja Davis\" \/>\n<meta name=\"twitter:card\" content=\"summary_large_image\" \/>\n<meta name=\"twitter:label1\" content=\"\u00c9crit par\" \/>\n\t<meta name=\"twitter:data1\" content=\"Anja Davis\" \/>\n\t<meta name=\"twitter:label2\" content=\"Dur\u00e9e de lecture estim\u00e9e\" \/>\n\t<meta name=\"twitter:data2\" content=\"2 minutes\" \/>\n<script type=\"application\/ld+json\" class=\"yoast-schema-graph\">{\"@context\":\"https:\/\/schema.org\",\"@graph\":[{\"@type\":\"Article\",\"@id\":\"https:\/\/alphasprachwelt.ch\/fr\/et-quen-est-il-de-nos-enfants\/#article\",\"isPartOf\":{\"@id\":\"https:\/\/alphasprachwelt.ch\/fr\/et-quen-est-il-de-nos-enfants\/\"},\"author\":{\"name\":\"Anja Davis\",\"@id\":\"https:\/\/alphasprachwelt.ch\/fr\/#\/schema\/person\/98f84085ba9bbd58c31d18781aa58138\"},\"headline\":\"Et qu&rsquo;en est-il de nos enfants&nbsp;?\",\"datePublished\":\"2023-08-10T09:49:00+00:00\",\"dateModified\":\"2025-08-20T08:33:01+00:00\",\"mainEntityOfPage\":{\"@id\":\"https:\/\/alphasprachwelt.ch\/fr\/et-quen-est-il-de-nos-enfants\/\"},\"wordCount\":389,\"publisher\":{\"@id\":\"https:\/\/alphasprachwelt.ch\/fr\/#organization\"},\"articleSection\":[\"Suisse\"],\"inLanguage\":\"fr-FR\"},{\"@type\":\"WebPage\",\"@id\":\"https:\/\/alphasprachwelt.ch\/fr\/et-quen-est-il-de-nos-enfants\/\",\"url\":\"https:\/\/alphasprachwelt.ch\/fr\/et-quen-est-il-de-nos-enfants\/\",\"name\":\"Et qu'en est-il de nos enfants&nbsp;? - Alpha Sprachwelt\",\"isPartOf\":{\"@id\":\"https:\/\/alphasprachwelt.ch\/fr\/#website\"},\"datePublished\":\"2023-08-10T09:49:00+00:00\",\"dateModified\":\"2025-08-20T08:33:01+00:00\",\"breadcrumb\":{\"@id\":\"https:\/\/alphasprachwelt.ch\/fr\/et-quen-est-il-de-nos-enfants\/#breadcrumb\"},\"inLanguage\":\"fr-FR\",\"potentialAction\":[{\"@type\":\"ReadAction\",\"target\":[\"https:\/\/alphasprachwelt.ch\/fr\/et-quen-est-il-de-nos-enfants\/\"]}]},{\"@type\":\"BreadcrumbList\",\"@id\":\"https:\/\/alphasprachwelt.ch\/fr\/et-quen-est-il-de-nos-enfants\/#breadcrumb\",\"itemListElement\":[{\"@type\":\"ListItem\",\"position\":1,\"name\":\"Accueil\",\"item\":\"https:\/\/alphasprachwelt.ch\/fr\/accueil\/\"},{\"@type\":\"ListItem\",\"position\":2,\"name\":\"Et qu&rsquo;en est-il de nos enfants&nbsp;?\"}]},{\"@type\":\"WebSite\",\"@id\":\"https:\/\/alphasprachwelt.ch\/fr\/#website\",\"url\":\"https:\/\/alphasprachwelt.ch\/fr\/\",\"name\":\"Alpha Sprachwelt: Nachrichten und schlagzeilen aus der schweiz\",\"description\":\"\",\"publisher\":{\"@id\":\"https:\/\/alphasprachwelt.ch\/fr\/#organization\"},\"potentialAction\":[{\"@type\":\"SearchAction\",\"target\":{\"@type\":\"EntryPoint\",\"urlTemplate\":\"https:\/\/alphasprachwelt.ch\/fr\/?s={search_term_string}\"},\"query-input\":\"required name=search_term_string\"}],\"inLanguage\":\"fr-FR\"},{\"@type\":\"Organization\",\"@id\":\"https:\/\/alphasprachwelt.ch\/fr\/#organization\",\"name\":\"Alpha Sprachwel\",\"url\":\"https:\/\/alphasprachwelt.ch\/fr\/\",\"logo\":{\"@type\":\"ImageObject\",\"inLanguage\":\"fr-FR\",\"@id\":\"https:\/\/alphasprachwelt.ch\/fr\/#\/schema\/logo\/image\/\",\"url\":\"https:\/\/alphasprachwelt.ch\/wp-content\/uploads\/2023\/09\/Alpha__2_-removebg-preview.png\",\"contentUrl\":\"https:\/\/alphasprachwelt.ch\/wp-content\/uploads\/2023\/09\/Alpha__2_-removebg-preview.png\",\"width\":200,\"height\":80,\"caption\":\"Alpha Sprachwel\"},\"image\":{\"@id\":\"https:\/\/alphasprachwelt.ch\/fr\/#\/schema\/logo\/image\/\"}},{\"@type\":\"Person\",\"@id\":\"https:\/\/alphasprachwelt.ch\/fr\/#\/schema\/person\/98f84085ba9bbd58c31d18781aa58138\",\"name\":\"Anja Davis\",\"image\":{\"@type\":\"ImageObject\",\"inLanguage\":\"fr-FR\",\"@id\":\"https:\/\/alphasprachwelt.ch\/fr\/#\/schema\/person\/image\/\",\"url\":\"https:\/\/secure.gravatar.com\/avatar\/5a9d904d30c56e7773029a70262e1e4791a403964ba5935fe37502e2591319a9?s=96&d=mm&r=g\",\"contentUrl\":\"https:\/\/secure.gravatar.com\/avatar\/5a9d904d30c56e7773029a70262e1e4791a403964ba5935fe37502e2591319a9?s=96&d=mm&r=g\",\"caption\":\"Anja Davis\"},\"url\":\"https:\/\/alphasprachwelt.ch\/fr\/author\/adminalpha\/\"}]}<\/script>\n<!-- \/ Yoast SEO plugin. -->","yoast_head_json":{"title":"Et qu'en est-il de nos enfants&nbsp;? - Alpha Sprachwelt","robots":{"index":"index","follow":"follow","max-snippet":"max-snippet:-1","max-image-preview":"max-image-preview:large","max-video-preview":"max-video-preview:-1"},"canonical":"https:\/\/alphasprachwelt.ch\/fr\/et-quen-est-il-de-nos-enfants\/","og_locale":"fr_FR","og_type":"article","og_title":"Et qu'en est-il de nos enfants&nbsp;? - Alpha Sprachwelt","og_description":"Au Palais f\u00e9d\u00e9ral, la gauche, la droite et les employeurs se disputent au sujet des subventions massives pour la prise en charge des enfants dans les cr\u00e8ches. Des experts mettent d\u00e9sormais en garde contre le fait qu&rsquo;une prise en charge familiale pr\u00e9coce peut \u00eatre n\u00e9faste si la qualit\u00e9 n&rsquo;est pas au rendez-vous. Le bien-\u00eatre des ... Lire la suite","og_url":"https:\/\/alphasprachwelt.ch\/fr\/et-quen-est-il-de-nos-enfants\/","og_site_name":"Alpha Sprachwelt","article_published_time":"2023-08-10T09:49:00+00:00","article_modified_time":"2025-08-20T08:33:01+00:00","og_image":[{"width":1920,"height":1280,"url":"https:\/\/alphasprachwelt.ch\/wp-content\/uploads\/2023\/09\/Und-was-ist-mit-unseren-Kindern.jpg","type":"image\/jpeg"}],"author":"Anja Davis","twitter_card":"summary_large_image","twitter_misc":{"\u00c9crit par":"Anja Davis","Dur\u00e9e de lecture estim\u00e9e":"2 minutes"},"schema":{"@context":"https:\/\/schema.org","@graph":[{"@type":"Article","@id":"https:\/\/alphasprachwelt.ch\/fr\/et-quen-est-il-de-nos-enfants\/#article","isPartOf":{"@id":"https:\/\/alphasprachwelt.ch\/fr\/et-quen-est-il-de-nos-enfants\/"},"author":{"name":"Anja Davis","@id":"https:\/\/alphasprachwelt.ch\/fr\/#\/schema\/person\/98f84085ba9bbd58c31d18781aa58138"},"headline":"Et qu&rsquo;en est-il de nos enfants&nbsp;?","datePublished":"2023-08-10T09:49:00+00:00","dateModified":"2025-08-20T08:33:01+00:00","mainEntityOfPage":{"@id":"https:\/\/alphasprachwelt.ch\/fr\/et-quen-est-il-de-nos-enfants\/"},"wordCount":389,"publisher":{"@id":"https:\/\/alphasprachwelt.ch\/fr\/#organization"},"articleSection":["Suisse"],"inLanguage":"fr-FR"},{"@type":"WebPage","@id":"https:\/\/alphasprachwelt.ch\/fr\/et-quen-est-il-de-nos-enfants\/","url":"https:\/\/alphasprachwelt.ch\/fr\/et-quen-est-il-de-nos-enfants\/","name":"Et qu'en est-il de nos enfants&nbsp;? - Alpha Sprachwelt","isPartOf":{"@id":"https:\/\/alphasprachwelt.ch\/fr\/#website"},"datePublished":"2023-08-10T09:49:00+00:00","dateModified":"2025-08-20T08:33:01+00:00","breadcrumb":{"@id":"https:\/\/alphasprachwelt.ch\/fr\/et-quen-est-il-de-nos-enfants\/#breadcrumb"},"inLanguage":"fr-FR","potentialAction":[{"@type":"ReadAction","target":["https:\/\/alphasprachwelt.ch\/fr\/et-quen-est-il-de-nos-enfants\/"]}]},{"@type":"BreadcrumbList","@id":"https:\/\/alphasprachwelt.ch\/fr\/et-quen-est-il-de-nos-enfants\/#breadcrumb","itemListElement":[{"@type":"ListItem","position":1,"name":"Accueil","item":"https:\/\/alphasprachwelt.ch\/fr\/accueil\/"},{"@type":"ListItem","position":2,"name":"Et qu&rsquo;en est-il de nos enfants&nbsp;?"}]},{"@type":"WebSite","@id":"https:\/\/alphasprachwelt.ch\/fr\/#website","url":"https:\/\/alphasprachwelt.ch\/fr\/","name":"Alpha Sprachwelt: Nachrichten und schlagzeilen aus der schweiz","description":"","publisher":{"@id":"https:\/\/alphasprachwelt.ch\/fr\/#organization"},"potentialAction":[{"@type":"SearchAction","target":{"@type":"EntryPoint","urlTemplate":"https:\/\/alphasprachwelt.ch\/fr\/?s={search_term_string}"},"query-input":"required name=search_term_string"}],"inLanguage":"fr-FR"},{"@type":"Organization","@id":"https:\/\/alphasprachwelt.ch\/fr\/#organization","name":"Alpha Sprachwel","url":"https:\/\/alphasprachwelt.ch\/fr\/","logo":{"@type":"ImageObject","inLanguage":"fr-FR","@id":"https:\/\/alphasprachwelt.ch\/fr\/#\/schema\/logo\/image\/","url":"https:\/\/alphasprachwelt.ch\/wp-content\/uploads\/2023\/09\/Alpha__2_-removebg-preview.png","contentUrl":"https:\/\/alphasprachwelt.ch\/wp-content\/uploads\/2023\/09\/Alpha__2_-removebg-preview.png","width":200,"height":80,"caption":"Alpha Sprachwel"},"image":{"@id":"https:\/\/alphasprachwelt.ch\/fr\/#\/schema\/logo\/image\/"}},{"@type":"Person","@id":"https:\/\/alphasprachwelt.ch\/fr\/#\/schema\/person\/98f84085ba9bbd58c31d18781aa58138","name":"Anja Davis","image":{"@type":"ImageObject","inLanguage":"fr-FR","@id":"https:\/\/alphasprachwelt.ch\/fr\/#\/schema\/person\/image\/","url":"https:\/\/secure.gravatar.com\/avatar\/5a9d904d30c56e7773029a70262e1e4791a403964ba5935fe37502e2591319a9?s=96&d=mm&r=g","contentUrl":"https:\/\/secure.gravatar.com\/avatar\/5a9d904d30c56e7773029a70262e1e4791a403964ba5935fe37502e2591319a9?s=96&d=mm&r=g","caption":"Anja Davis"},"url":"https:\/\/alphasprachwelt.ch\/fr\/author\/adminalpha\/"}]}},"_links":{"self":[{"href":"https:\/\/alphasprachwelt.ch\/fr\/wp-json\/wp\/v2\/posts\/1248","targetHints":{"allow":["GET"]}}],"collection":[{"href":"https:\/\/alphasprachwelt.ch\/fr\/wp-json\/wp\/v2\/posts"}],"about":[{"href":"https:\/\/alphasprachwelt.ch\/fr\/wp-json\/wp\/v2\/types\/post"}],"author":[{"embeddable":true,"href":"https:\/\/alphasprachwelt.ch\/fr\/wp-json\/wp\/v2\/users\/3"}],"replies":[{"embeddable":true,"href":"https:\/\/alphasprachwelt.ch\/fr\/wp-json\/wp\/v2\/comments?post=1248"}],"version-history":[{"count":1,"href":"https:\/\/alphasprachwelt.ch\/fr\/wp-json\/wp\/v2\/posts\/1248\/revisions"}],"predecessor-version":[{"id":1249,"href":"https:\/\/alphasprachwelt.ch\/fr\/wp-json\/wp\/v2\/posts\/1248\/revisions\/1249"}],"wp:featuredmedia":[{"embeddable":true,"href":"https:\/\/alphasprachwelt.ch\/fr\/wp-json\/wp\/v2\/media\/1228"}],"wp:attachment":[{"href":"https:\/\/alphasprachwelt.ch\/fr\/wp-json\/wp\/v2\/media?parent=1248"}],"wp:term":[{"taxonomy":"category","embeddable":true,"href":"https:\/\/alphasprachwelt.ch\/fr\/wp-json\/wp\/v2\/categories?post=1248"},{"taxonomy":"post_tag","embeddable":true,"href":"https:\/\/alphasprachwelt.ch\/fr\/wp-json\/wp\/v2\/tags?post=1248"}],"curies":[{"name":"wp","href":"https:\/\/api.w.org\/{rel}","templated":true}]}}