{"id":1266,"date":"2025-08-21T09:01:51","date_gmt":"2025-08-21T09:01:51","guid":{"rendered":"https:\/\/alphasprachwelt.ch\/?p=1266"},"modified":"2025-08-21T09:01:52","modified_gmt":"2025-08-21T09:01:52","slug":"perspectives-economiques-suisse-2025-par-marc-kreiker","status":"publish","type":"post","link":"https:\/\/alphasprachwelt.ch\/fr\/perspectives-economiques-suisse-2025-par-marc-kreiker\/","title":{"rendered":"Perspectives \u00e9conomiques suisse 2025 par Marc Kreiker"},"content":{"rendered":"\n<p>Les perspectives \u00e9conomiques suisse 2025 s\u2019imposent comme un sujet central pour les investisseurs et d\u00e9cideurs alors que le pays navigue entre incertitudes mondiales et transformations internes. Cette ann\u00e9e, la Suisse se trouve \u00e0 la crois\u00e9e des chemins : r\u00e9siliente mais confront\u00e9e \u00e0 de nouveaux d\u00e9fis, innovante mais prudente. Dans cette analyse, je vous propose un d\u00e9cryptage des moteurs cl\u00e9s de l\u2019\u00e9conomie suisse en 2025, de la reprise du secteur financier \u00e0 l\u2019\u00e9volution de l\u2019inflation, en passant par la croissance du PIB et les tendances d\u2019investissement. <\/p>\n\n\n\n<h3 class=\"wp-block-heading\">Pr\u00e9visions du secteur financier suisse 2025<\/h3>\n\n\n\n<p>Le secteur financier suisse aborde 2025 avec un regain de confiance apr\u00e8s la temp\u00eate provoqu\u00e9e par la chute de Credit Suisse et son absorption par UBS. La surveillance r\u00e9glementaire s\u2019intensifie, le gouvernement ayant propos\u00e9 des exigences de fonds propres plus strictes et un renforcement des pouvoirs du r\u00e9gulateur. Selon <a href=\"https:\/\/www.swissinfo.ch\/fre\/economie\/perspectives-economiques-suisse-2025\/88575249\" target=\"_blank\" rel=\"noreferrer noopener\">SWI swissinfo.ch<\/a>, la solidit\u00e9 du secteur repose sur la gestion de fortune et la reprise des march\u00e9s boursiers, port\u00e9s par l\u2019appr\u00e9ciation des actifs mondiaux.<\/p>\n\n\n\n<p><strong class=\"\">Avis de Marc Kreiker :<\/strong><br>\u00ab Malgr\u00e9 la r\u00e9silience affich\u00e9e, je reste prudent. Les s\u00e9quelles de l\u2019affaire Credit Suisse ne sont pas totalement r\u00e9sorb\u00e9es et la confiance des investisseurs internationaux reste fragile. La pression sur la transparence et la lutte contre le blanchiment d\u2019argent va s\u2019accentuer, ce qui pourrait peser sur la rentabilit\u00e9 \u00e0 court terme. Mais la capacit\u00e9 d\u2019adaptation du secteur, notamment dans la finance durable et la digitalisation, demeure un atout majeur pour la place financi\u00e8re helv\u00e9tique. \u00bb<\/p>\n\n\n\n<h3 class=\"wp-block-heading\">Taux d\u2019inflation suisse 2025<\/h3>\n\n\n\n<p>L\u2019inflation en Suisse devrait rester mod\u00e9r\u00e9e en 2025, offrant un r\u00e9pit aux m\u00e9nages et aux entreprises. La Banque nationale suisse (BNS) poursuit son d\u00e9licat \u00e9quilibre entre stabilit\u00e9 des prix et soutien \u00e0 la croissance, avec des taux d\u2019int\u00e9r\u00eat qui devraient rester bas sauf choc externe. Selon l\u2019OCDE, l\u2019inflation devrait s\u2019\u00e9tablir autour de 1,5 % cette ann\u00e9e, tandis que les hausses salariales dans les secteurs cl\u00e9s d\u00e9passeront l\u2019inflation, entre 1,7 et 2 % (<a href=\"https:\/\/www.oecd.org\/\" target=\"_blank\" rel=\"noreferrer noopener\">OCDE<\/a>).<\/p>\n\n\n\n<p><strong class=\"\">Avis de Marc Kreiker :<\/strong><br>\u00ab Cette dynamique positive des salaires r\u00e9els est une bonne nouvelle pour la consommation int\u00e9rieure, mais il ne faut pas sous-estimer les tensions sectorielles. L\u2019industrie agroalimentaire, par exemple, doit absorber la hausse des mati\u00e8res premi\u00e8res sans pouvoir la r\u00e9percuter sur les prix, ce qui fragilise les marges. La situation reste donc contrast\u00e9e : stabilit\u00e9 pour les m\u00e9nages, mais vigilance pour les entreprises expos\u00e9es \u00e0 la volatilit\u00e9 des co\u00fbts. \u00bb<\/p>\n\n\n\n<h3 class=\"wp-block-heading\">Pr\u00e9vision de la croissance du PIB suisse 2025<\/h3>\n\n\n\n<p>La croissance du PIB suisse devrait atteindre 1,3 \u00e0 1,5 % en 2025, selon l\u2019OCDE et Julius Baer (<a href=\"https:\/\/www.juliusbaer.com\/fr\/insights\/market-insights\/market-outlook\/switzerland-2025-economic-outlook\/\" target=\"_blank\" rel=\"noreferrer noopener\">Julius Baer<\/a>). Cette progression mod\u00e9r\u00e9e t\u00e9moigne de la r\u00e9silience du pays face aux vents contraires mondiaux. Le secteur des sciences de la vie, qui repr\u00e9sente 40 % des exportations, reste le moteur de l\u2019innovation et de la performance \u00e0 l\u2019export, malgr\u00e9 des risques r\u00e9glementaires et g\u00e9opolitiques.<\/p>\n\n\n\n<p>En revanche, les industries de la machine-outil et de l\u2019horlogerie anticipent une stagnation, voire un recul, en raison de la faiblesse de la demande en Chine et dans l\u2019UE. Le tourisme, lui, continue de surprendre positivement, avec des records de nuit\u00e9es en 2024 et une croissance attendue en 2025, notamment gr\u00e2ce aux visiteurs am\u00e9ricains.<\/p>\n\n\n\n<p><strong class=\"\">Avis de Marc Kreiker :<\/strong><br>\u00ab La croissance suisse reste solide, mais elle est de plus en plus polaris\u00e9e. Les secteurs innovants tirent leur \u00e9pingle du jeu, tandis que les industries traditionnelles peinent \u00e0 retrouver leur dynamisme. Pour moi, la cl\u00e9 sera la capacit\u00e9 \u00e0 investir dans la formation, la recherche et l\u2019ouverture internationale, afin de maintenir l\u2019avantage comp\u00e9titif helv\u00e9tique. \u00bb<\/p>\n\n\n\n<h3 class=\"wp-block-heading\">Tendances d\u2019investissement en Suisse 2025<\/h3>\n\n\n\n<figure class=\"wp-block-image size-large\"><img loading=\"lazy\" decoding=\"async\" width=\"1024\" height=\"576\" src=\"https:\/\/alphasprachwelt.ch\/wp-content\/uploads\/2025\/08\/marckreiker-pharma-1024x576.webp\" alt=\"\" class=\"wp-image-1269\" srcset=\"https:\/\/alphasprachwelt.ch\/wp-content\/uploads\/2025\/08\/marckreiker-pharma-1024x576.webp 1024w, https:\/\/alphasprachwelt.ch\/wp-content\/uploads\/2025\/08\/marckreiker-pharma-300x169.webp 300w, https:\/\/alphasprachwelt.ch\/wp-content\/uploads\/2025\/08\/marckreiker-pharma-768x432.webp 768w, https:\/\/alphasprachwelt.ch\/wp-content\/uploads\/2025\/08\/marckreiker-pharma.webp 1280w\" sizes=\"auto, (max-width: 1024px) 100vw, 1024px\" \/><\/figure>\n\n\n\n<p>Les tendances d\u2019investissement en Suisse en 2025 oscillent entre opportunit\u00e9s et prudence. La reprise du secteur financier et la transformation digitale offrent des perspectives attractives, notamment dans la fintech et la finance durable. L\u2019industrie pharmaceutique, port\u00e9e par Roche et Novartis, affiche un optimisme mesur\u00e9 gr\u00e2ce \u00e0 de nouveaux m\u00e9dicaments et \u00e0 l\u2019expansion sur les march\u00e9s mondiaux.<\/p>\n\n\n\n<p>\u00c0 l\u2019inverse, les secteurs traditionnels comme la machine-outil et l\u2019horlogerie subissent des vents contraires, incitant \u00e0 privil\u00e9gier les niches \u00e0 forte valeur ajout\u00e9e. L\u2019immobilier reste stable, avec une demande concentr\u00e9e dans les centres urbains et les r\u00e9gions touristiques.<\/p>\n\n\n\n<p><strong class=\"\">Avis de Marc Kreiker :<\/strong><br>\u00ab Pour les investisseurs, 2025 sera l\u2019ann\u00e9e de la s\u00e9lectivit\u00e9. Je recommande de privil\u00e9gier les secteurs align\u00e9s avec les forces suisses : innovation, stabilit\u00e9, durabilit\u00e9. La diversification reste essentielle, tout comme la capacit\u00e9 \u00e0 anticiper les mutations r\u00e9glementaires et technologiques. \u00bb<\/p>\n\n\n\n<p>Cette analyse financi\u00e8re a \u00e9t\u00e9 r\u00e9dig\u00e9e par <a href=\"https:\/\/actumag.info\/perspectives-financieres-et-macroeconomiques-pour-2025-entretien-avec-marc-kreiker-analyste-financier\/\">Marc Kreiker<\/a> pour la rubrique \u00e9conomique du Alpha Sprachwelt<\/p>\n\n\n\n<p><\/p>\n","protected":false},"excerpt":{"rendered":"<p>Les perspectives \u00e9conomiques suisse 2025 s\u2019imposent comme un sujet central pour les investisseurs et d\u00e9cideurs alors que le pays navigue entre incertitudes mondiales et transformations internes. Cette ann\u00e9e, la Suisse se trouve \u00e0 la crois\u00e9e des chemins : r\u00e9siliente mais confront\u00e9e \u00e0 de nouveaux d\u00e9fis, innovante mais prudente. Dans cette analyse, je vous propose un &#8230; <a title=\"Perspectives \u00e9conomiques suisse 2025 par Marc Kreiker\" class=\"read-more\" href=\"https:\/\/alphasprachwelt.ch\/fr\/perspectives-economiques-suisse-2025-par-marc-kreiker\/\" aria-label=\"En savoir plus sur Perspectives \u00e9conomiques suisse 2025 par Marc Kreiker\">Lire la suite<\/a><\/p>\n","protected":false},"author":3,"featured_media":1267,"comment_status":"closed","ping_status":"closed","sticky":false,"template":"","format":"standard","meta":{"footnotes":""},"categories":[51],"tags":[],"class_list":["post-1266","post","type-post","status-publish","format-standard","has-post-thumbnail","hentry","category-suisse"],"yoast_head":"<!-- This site is optimized with the Yoast SEO plugin v21.2 - https:\/\/yoast.com\/wordpress\/plugins\/seo\/ -->\n<title>Perspectives \u00e9conomiques suisse 2025 par Marc Kreiker - Alpha Sprachwelt<\/title>\n<meta name=\"robots\" content=\"index, follow, max-snippet:-1, max-image-preview:large, max-video-preview:-1\" \/>\n<link rel=\"canonical\" href=\"https:\/\/alphasprachwelt.ch\/fr\/perspectives-economiques-suisse-2025-par-marc-kreiker\/\" \/>\n<meta property=\"og:locale\" content=\"fr_FR\" \/>\n<meta property=\"og:type\" content=\"article\" \/>\n<meta property=\"og:title\" content=\"Perspectives \u00e9conomiques suisse 2025 par Marc Kreiker - Alpha Sprachwelt\" \/>\n<meta property=\"og:description\" content=\"Les perspectives \u00e9conomiques suisse 2025 s\u2019imposent comme un sujet central pour les investisseurs et d\u00e9cideurs alors que le pays navigue entre incertitudes mondiales et transformations internes. Cette ann\u00e9e, la Suisse se trouve \u00e0 la crois\u00e9e des chemins : r\u00e9siliente mais confront\u00e9e \u00e0 de nouveaux d\u00e9fis, innovante mais prudente. Dans cette analyse, je vous propose un ... Lire la suite\" \/>\n<meta property=\"og:url\" content=\"https:\/\/alphasprachwelt.ch\/fr\/perspectives-economiques-suisse-2025-par-marc-kreiker\/\" \/>\n<meta property=\"og:site_name\" content=\"Alpha Sprachwelt\" \/>\n<meta property=\"article:published_time\" content=\"2025-08-21T09:01:51+00:00\" \/>\n<meta property=\"article:modified_time\" content=\"2025-08-21T09:01:52+00:00\" \/>\n<meta property=\"og:image\" content=\"https:\/\/alphasprachwelt.ch\/wp-content\/uploads\/2025\/08\/marckreiker-zurich.webp\" \/>\n\t<meta property=\"og:image:width\" content=\"1280\" \/>\n\t<meta property=\"og:image:height\" content=\"720\" \/>\n\t<meta property=\"og:image:type\" content=\"image\/webp\" \/>\n<meta name=\"author\" content=\"Anja Davis\" \/>\n<meta name=\"twitter:card\" content=\"summary_large_image\" \/>\n<meta name=\"twitter:label1\" content=\"\u00c9crit par\" \/>\n\t<meta name=\"twitter:data1\" content=\"Anja Davis\" \/>\n\t<meta name=\"twitter:label2\" content=\"Dur\u00e9e de lecture estim\u00e9e\" \/>\n\t<meta name=\"twitter:data2\" content=\"5 minutes\" \/>\n<script type=\"application\/ld+json\" class=\"yoast-schema-graph\">{\"@context\":\"https:\/\/schema.org\",\"@graph\":[{\"@type\":\"Article\",\"@id\":\"https:\/\/alphasprachwelt.ch\/fr\/perspectives-economiques-suisse-2025-par-marc-kreiker\/#article\",\"isPartOf\":{\"@id\":\"https:\/\/alphasprachwelt.ch\/fr\/perspectives-economiques-suisse-2025-par-marc-kreiker\/\"},\"author\":{\"name\":\"Anja Davis\",\"@id\":\"https:\/\/alphasprachwelt.ch\/fr\/#\/schema\/person\/98f84085ba9bbd58c31d18781aa58138\"},\"headline\":\"Perspectives \u00e9conomiques suisse 2025 par Marc Kreiker\",\"datePublished\":\"2025-08-21T09:01:51+00:00\",\"dateModified\":\"2025-08-21T09:01:52+00:00\",\"mainEntityOfPage\":{\"@id\":\"https:\/\/alphasprachwelt.ch\/fr\/perspectives-economiques-suisse-2025-par-marc-kreiker\/\"},\"wordCount\":804,\"publisher\":{\"@id\":\"https:\/\/alphasprachwelt.ch\/fr\/#organization\"},\"articleSection\":[\"Suisse\"],\"inLanguage\":\"fr-FR\"},{\"@type\":\"WebPage\",\"@id\":\"https:\/\/alphasprachwelt.ch\/fr\/perspectives-economiques-suisse-2025-par-marc-kreiker\/\",\"url\":\"https:\/\/alphasprachwelt.ch\/fr\/perspectives-economiques-suisse-2025-par-marc-kreiker\/\",\"name\":\"Perspectives \u00e9conomiques suisse 2025 par Marc Kreiker - Alpha Sprachwelt\",\"isPartOf\":{\"@id\":\"https:\/\/alphasprachwelt.ch\/fr\/#website\"},\"datePublished\":\"2025-08-21T09:01:51+00:00\",\"dateModified\":\"2025-08-21T09:01:52+00:00\",\"breadcrumb\":{\"@id\":\"https:\/\/alphasprachwelt.ch\/fr\/perspectives-economiques-suisse-2025-par-marc-kreiker\/#breadcrumb\"},\"inLanguage\":\"fr-FR\",\"potentialAction\":[{\"@type\":\"ReadAction\",\"target\":[\"https:\/\/alphasprachwelt.ch\/fr\/perspectives-economiques-suisse-2025-par-marc-kreiker\/\"]}]},{\"@type\":\"BreadcrumbList\",\"@id\":\"https:\/\/alphasprachwelt.ch\/fr\/perspectives-economiques-suisse-2025-par-marc-kreiker\/#breadcrumb\",\"itemListElement\":[{\"@type\":\"ListItem\",\"position\":1,\"name\":\"Accueil\",\"item\":\"https:\/\/alphasprachwelt.ch\/fr\/accueil\/\"},{\"@type\":\"ListItem\",\"position\":2,\"name\":\"Perspectives \u00e9conomiques suisse 2025 par Marc Kreiker\"}]},{\"@type\":\"WebSite\",\"@id\":\"https:\/\/alphasprachwelt.ch\/fr\/#website\",\"url\":\"https:\/\/alphasprachwelt.ch\/fr\/\",\"name\":\"Alpha Sprachwelt: Nachrichten und schlagzeilen aus der schweiz\",\"description\":\"\",\"publisher\":{\"@id\":\"https:\/\/alphasprachwelt.ch\/fr\/#organization\"},\"potentialAction\":[{\"@type\":\"SearchAction\",\"target\":{\"@type\":\"EntryPoint\",\"urlTemplate\":\"https:\/\/alphasprachwelt.ch\/fr\/?s={search_term_string}\"},\"query-input\":\"required name=search_term_string\"}],\"inLanguage\":\"fr-FR\"},{\"@type\":\"Organization\",\"@id\":\"https:\/\/alphasprachwelt.ch\/fr\/#organization\",\"name\":\"Alpha Sprachwel\",\"url\":\"https:\/\/alphasprachwelt.ch\/fr\/\",\"logo\":{\"@type\":\"ImageObject\",\"inLanguage\":\"fr-FR\",\"@id\":\"https:\/\/alphasprachwelt.ch\/fr\/#\/schema\/logo\/image\/\",\"url\":\"https:\/\/alphasprachwelt.ch\/wp-content\/uploads\/2023\/09\/Alpha__2_-removebg-preview.png\",\"contentUrl\":\"https:\/\/alphasprachwelt.ch\/wp-content\/uploads\/2023\/09\/Alpha__2_-removebg-preview.png\",\"width\":200,\"height\":80,\"caption\":\"Alpha Sprachwel\"},\"image\":{\"@id\":\"https:\/\/alphasprachwelt.ch\/fr\/#\/schema\/logo\/image\/\"}},{\"@type\":\"Person\",\"@id\":\"https:\/\/alphasprachwelt.ch\/fr\/#\/schema\/person\/98f84085ba9bbd58c31d18781aa58138\",\"name\":\"Anja Davis\",\"image\":{\"@type\":\"ImageObject\",\"inLanguage\":\"fr-FR\",\"@id\":\"https:\/\/alphasprachwelt.ch\/fr\/#\/schema\/person\/image\/\",\"url\":\"https:\/\/secure.gravatar.com\/avatar\/5a9d904d30c56e7773029a70262e1e4791a403964ba5935fe37502e2591319a9?s=96&d=mm&r=g\",\"contentUrl\":\"https:\/\/secure.gravatar.com\/avatar\/5a9d904d30c56e7773029a70262e1e4791a403964ba5935fe37502e2591319a9?s=96&d=mm&r=g\",\"caption\":\"Anja Davis\"},\"url\":\"https:\/\/alphasprachwelt.ch\/fr\/author\/adminalpha\/\"}]}<\/script>\n<!-- \/ Yoast SEO plugin. -->","yoast_head_json":{"title":"Perspectives \u00e9conomiques suisse 2025 par Marc Kreiker - Alpha Sprachwelt","robots":{"index":"index","follow":"follow","max-snippet":"max-snippet:-1","max-image-preview":"max-image-preview:large","max-video-preview":"max-video-preview:-1"},"canonical":"https:\/\/alphasprachwelt.ch\/fr\/perspectives-economiques-suisse-2025-par-marc-kreiker\/","og_locale":"fr_FR","og_type":"article","og_title":"Perspectives \u00e9conomiques suisse 2025 par Marc Kreiker - Alpha Sprachwelt","og_description":"Les perspectives \u00e9conomiques suisse 2025 s\u2019imposent comme un sujet central pour les investisseurs et d\u00e9cideurs alors que le pays navigue entre incertitudes mondiales et transformations internes. Cette ann\u00e9e, la Suisse se trouve \u00e0 la crois\u00e9e des chemins : r\u00e9siliente mais confront\u00e9e \u00e0 de nouveaux d\u00e9fis, innovante mais prudente. Dans cette analyse, je vous propose un ... Lire la suite","og_url":"https:\/\/alphasprachwelt.ch\/fr\/perspectives-economiques-suisse-2025-par-marc-kreiker\/","og_site_name":"Alpha Sprachwelt","article_published_time":"2025-08-21T09:01:51+00:00","article_modified_time":"2025-08-21T09:01:52+00:00","og_image":[{"width":1280,"height":720,"url":"https:\/\/alphasprachwelt.ch\/wp-content\/uploads\/2025\/08\/marckreiker-zurich.webp","type":"image\/webp"}],"author":"Anja Davis","twitter_card":"summary_large_image","twitter_misc":{"\u00c9crit par":"Anja Davis","Dur\u00e9e de lecture estim\u00e9e":"5 minutes"},"schema":{"@context":"https:\/\/schema.org","@graph":[{"@type":"Article","@id":"https:\/\/alphasprachwelt.ch\/fr\/perspectives-economiques-suisse-2025-par-marc-kreiker\/#article","isPartOf":{"@id":"https:\/\/alphasprachwelt.ch\/fr\/perspectives-economiques-suisse-2025-par-marc-kreiker\/"},"author":{"name":"Anja Davis","@id":"https:\/\/alphasprachwelt.ch\/fr\/#\/schema\/person\/98f84085ba9bbd58c31d18781aa58138"},"headline":"Perspectives \u00e9conomiques suisse 2025 par Marc Kreiker","datePublished":"2025-08-21T09:01:51+00:00","dateModified":"2025-08-21T09:01:52+00:00","mainEntityOfPage":{"@id":"https:\/\/alphasprachwelt.ch\/fr\/perspectives-economiques-suisse-2025-par-marc-kreiker\/"},"wordCount":804,"publisher":{"@id":"https:\/\/alphasprachwelt.ch\/fr\/#organization"},"articleSection":["Suisse"],"inLanguage":"fr-FR"},{"@type":"WebPage","@id":"https:\/\/alphasprachwelt.ch\/fr\/perspectives-economiques-suisse-2025-par-marc-kreiker\/","url":"https:\/\/alphasprachwelt.ch\/fr\/perspectives-economiques-suisse-2025-par-marc-kreiker\/","name":"Perspectives \u00e9conomiques suisse 2025 par Marc Kreiker - Alpha Sprachwelt","isPartOf":{"@id":"https:\/\/alphasprachwelt.ch\/fr\/#website"},"datePublished":"2025-08-21T09:01:51+00:00","dateModified":"2025-08-21T09:01:52+00:00","breadcrumb":{"@id":"https:\/\/alphasprachwelt.ch\/fr\/perspectives-economiques-suisse-2025-par-marc-kreiker\/#breadcrumb"},"inLanguage":"fr-FR","potentialAction":[{"@type":"ReadAction","target":["https:\/\/alphasprachwelt.ch\/fr\/perspectives-economiques-suisse-2025-par-marc-kreiker\/"]}]},{"@type":"BreadcrumbList","@id":"https:\/\/alphasprachwelt.ch\/fr\/perspectives-economiques-suisse-2025-par-marc-kreiker\/#breadcrumb","itemListElement":[{"@type":"ListItem","position":1,"name":"Accueil","item":"https:\/\/alphasprachwelt.ch\/fr\/accueil\/"},{"@type":"ListItem","position":2,"name":"Perspectives \u00e9conomiques suisse 2025 par Marc Kreiker"}]},{"@type":"WebSite","@id":"https:\/\/alphasprachwelt.ch\/fr\/#website","url":"https:\/\/alphasprachwelt.ch\/fr\/","name":"Alpha Sprachwelt: Nachrichten und schlagzeilen aus der schweiz","description":"","publisher":{"@id":"https:\/\/alphasprachwelt.ch\/fr\/#organization"},"potentialAction":[{"@type":"SearchAction","target":{"@type":"EntryPoint","urlTemplate":"https:\/\/alphasprachwelt.ch\/fr\/?s={search_term_string}"},"query-input":"required name=search_term_string"}],"inLanguage":"fr-FR"},{"@type":"Organization","@id":"https:\/\/alphasprachwelt.ch\/fr\/#organization","name":"Alpha Sprachwel","url":"https:\/\/alphasprachwelt.ch\/fr\/","logo":{"@type":"ImageObject","inLanguage":"fr-FR","@id":"https:\/\/alphasprachwelt.ch\/fr\/#\/schema\/logo\/image\/","url":"https:\/\/alphasprachwelt.ch\/wp-content\/uploads\/2023\/09\/Alpha__2_-removebg-preview.png","contentUrl":"https:\/\/alphasprachwelt.ch\/wp-content\/uploads\/2023\/09\/Alpha__2_-removebg-preview.png","width":200,"height":80,"caption":"Alpha Sprachwel"},"image":{"@id":"https:\/\/alphasprachwelt.ch\/fr\/#\/schema\/logo\/image\/"}},{"@type":"Person","@id":"https:\/\/alphasprachwelt.ch\/fr\/#\/schema\/person\/98f84085ba9bbd58c31d18781aa58138","name":"Anja Davis","image":{"@type":"ImageObject","inLanguage":"fr-FR","@id":"https:\/\/alphasprachwelt.ch\/fr\/#\/schema\/person\/image\/","url":"https:\/\/secure.gravatar.com\/avatar\/5a9d904d30c56e7773029a70262e1e4791a403964ba5935fe37502e2591319a9?s=96&d=mm&r=g","contentUrl":"https:\/\/secure.gravatar.com\/avatar\/5a9d904d30c56e7773029a70262e1e4791a403964ba5935fe37502e2591319a9?s=96&d=mm&r=g","caption":"Anja Davis"},"url":"https:\/\/alphasprachwelt.ch\/fr\/author\/adminalpha\/"}]}},"_links":{"self":[{"href":"https:\/\/alphasprachwelt.ch\/fr\/wp-json\/wp\/v2\/posts\/1266","targetHints":{"allow":["GET"]}}],"collection":[{"href":"https:\/\/alphasprachwelt.ch\/fr\/wp-json\/wp\/v2\/posts"}],"about":[{"href":"https:\/\/alphasprachwelt.ch\/fr\/wp-json\/wp\/v2\/types\/post"}],"author":[{"embeddable":true,"href":"https:\/\/alphasprachwelt.ch\/fr\/wp-json\/wp\/v2\/users\/3"}],"replies":[{"embeddable":true,"href":"https:\/\/alphasprachwelt.ch\/fr\/wp-json\/wp\/v2\/comments?post=1266"}],"version-history":[{"count":1,"href":"https:\/\/alphasprachwelt.ch\/fr\/wp-json\/wp\/v2\/posts\/1266\/revisions"}],"predecessor-version":[{"id":1271,"href":"https:\/\/alphasprachwelt.ch\/fr\/wp-json\/wp\/v2\/posts\/1266\/revisions\/1271"}],"wp:featuredmedia":[{"embeddable":true,"href":"https:\/\/alphasprachwelt.ch\/fr\/wp-json\/wp\/v2\/media\/1267"}],"wp:attachment":[{"href":"https:\/\/alphasprachwelt.ch\/fr\/wp-json\/wp\/v2\/media?parent=1266"}],"wp:term":[{"taxonomy":"category","embeddable":true,"href":"https:\/\/alphasprachwelt.ch\/fr\/wp-json\/wp\/v2\/categories?post=1266"},{"taxonomy":"post_tag","embeddable":true,"href":"https:\/\/alphasprachwelt.ch\/fr\/wp-json\/wp\/v2\/tags?post=1266"}],"curies":[{"name":"wp","href":"https:\/\/api.w.org\/{rel}","templated":true}]}}